{"id":264,"date":"2016-12-13T18:30:24","date_gmt":"2016-12-13T17:30:24","guid":{"rendered":"http:\/\/www.pl-wohnmobilvermietung.de\/?p=264"},"modified":"2024-10-31T15:03:58","modified_gmt":"2024-10-31T14:03:58","slug":"dethleffs-sunlight-i68","status":"publish","type":"post","link":"https:\/\/www.pl-wohnmobilvermietung.de\/index.php\/2016\/12\/13\/dethleffs-sunlight-i68\/","title":{"rendered":"Dethleffs Sunlight I68"},"content":{"rendered":"<p><strong><span style=\"color: #800000;\"><a href=\"http:\/\/www.pl-wohnmobilvermietung.de\/wp-content\/uploads\/2016\/12\/I68-Au\u00dfenansicht.jpg\"><img loading=\"lazy\" decoding=\"async\" class=\"alignright wp-image-353 size-medium\" src=\"http:\/\/www.pl-wohnmobilvermietung.de\/wp-content\/uploads\/2016\/12\/I68-Au\u00dfenansicht-400x254.jpg\" width=\"400\" height=\"254\" srcset=\"https:\/\/www.pl-wohnmobilvermietung.de\/wp-content\/uploads\/2016\/12\/I68-Au\u00dfenansicht-400x254.jpg 400w, https:\/\/www.pl-wohnmobilvermietung.de\/wp-content\/uploads\/2016\/12\/I68-Au\u00dfenansicht-236x150.jpg 236w, https:\/\/www.pl-wohnmobilvermietung.de\/wp-content\/uploads\/2016\/12\/I68-Au\u00dfenansicht.jpg 657w\" sizes=\"(max-width: 400px) 100vw, 400px\" \/><\/a>Dethleffs<\/span> Sunlight I68<\/strong><br \/>\nIntegriertes Fahrzeug<\/p>\n<p>Fiat Ducato 2,3l Multijet<br \/>\ngr\u00fcne Umweltplakette (Euro 6)<br \/>\n140 PS<br \/>\n7,43 m lang<br \/>\n3,5 t, Zuladung ca. 500 kg<br \/>\n4 Sitzpl\u00e4tze<br \/>\n4 Schlafpl\u00e4tze<\/p>\n<p><strong><a href=\"http:\/\/www.pl-wohnmobilvermietung.de\/wp-content\/uploads\/2016\/12\/Grundriss-I68.jpg\"><img loading=\"lazy\" decoding=\"async\" class=\"alignright wp-image-352 size-medium\" src=\"http:\/\/www.pl-wohnmobilvermietung.de\/wp-content\/uploads\/2016\/12\/Grundriss-I68-400x164.jpg\" width=\"400\" height=\"164\" srcset=\"https:\/\/www.pl-wohnmobilvermietung.de\/wp-content\/uploads\/2016\/12\/Grundriss-I68-400x164.jpg 400w, https:\/\/www.pl-wohnmobilvermietung.de\/wp-content\/uploads\/2016\/12\/Grundriss-I68-300x123.jpg 300w, https:\/\/www.pl-wohnmobilvermietung.de\/wp-content\/uploads\/2016\/12\/Grundriss-I68.jpg 620w\" sizes=\"(max-width: 400px) 100vw, 400px\" \/><\/a>Mietpreise:<\/strong><br \/>\nNebensaison: \u20ac 110,-<br \/>\nHauptsaison: \u20ac 125,-<br \/>\n<a href=\"http:\/\/www.pl-wohnmobilvermietung.de\/index.php\/preise\/\">zur \u00dcbersicht Mietpreise<\/a><\/p>\n<p><!--more--><\/p>\n<p><strong>Ausstattung<\/strong><br \/>\n4-er Fahrradtr\u00e4ger, Markise<br \/>\nEinzelbetten im Heck, umbaubar zum Doppelbett<br \/>\nHubbett<br \/>\nPilotensitze, gro\u00dfe Garage mit 2 T\u00fcren<br \/>\nSat-Anlage mit TV<br \/>\nCD\/MP3-Autoradio<br \/>\nTrumatic Kombiheizung C6<br \/>\n3-Flammen-Herd<br \/>\ngro\u00dfer K\u00fchlschrank 167L mit separatem Frosterfach<br \/>\nseparate Dusche mit Duschabtrennung<br \/>\nHolzlattenrost<br \/>\nPanorama Midi Heki<br \/>\nFliegengittert\u00fcr<br \/>\nelektrische Trittstufe<br \/>\nFahrerhaus ist ausgestattet mit:<br \/>\nKlimaanlage, Tempomat, Zentralverriegelung, elekr. Fensterheber, 2xAirbag, ABS, ASR, ESP, Hillholder, Tagfahrlicht, etc.<\/p>\n<p><strong>Sonderzubeh\u00f6r<\/strong><br \/>\ngegen Aufpreis m\u00f6glich, siehe Mietpreise<\/p>\n<p><!--more--> <img loading=\"lazy\" decoding=\"async\" class=\"size-full wp-image-353 aligncenter\" src=\"http:\/\/www.pl-wohnmobilvermietung.de\/wp-content\/uploads\/2016\/12\/I68-Au\u00dfenansicht.jpg\" alt=\"I68 Au\u00dfenansicht\" width=\"657\" height=\"418\" srcset=\"https:\/\/www.pl-wohnmobilvermietung.de\/wp-content\/uploads\/2016\/12\/I68-Au\u00dfenansicht.jpg 657w, https:\/\/www.pl-wohnmobilvermietung.de\/wp-content\/uploads\/2016\/12\/I68-Au\u00dfenansicht-400x254.jpg 400w, https:\/\/www.pl-wohnmobilvermietung.de\/wp-content\/uploads\/2016\/12\/I68-Au\u00dfenansicht-236x150.jpg 236w\" sizes=\"(max-width: 657px) 100vw, 657px\" \/><img loading=\"lazy\" decoding=\"async\" class=\"size-full wp-image-352 aligncenter\" src=\"http:\/\/www.pl-wohnmobilvermietung.de\/wp-content\/uploads\/2016\/12\/Grundriss-I68.jpg\" alt=\"Grundriss I68\" width=\"620\" height=\"254\" srcset=\"https:\/\/www.pl-wohnmobilvermietung.de\/wp-content\/uploads\/2016\/12\/Grundriss-I68.jpg 620w, https:\/\/www.pl-wohnmobilvermietung.de\/wp-content\/uploads\/2016\/12\/Grundriss-I68-400x164.jpg 400w, https:\/\/www.pl-wohnmobilvermietung.de\/wp-content\/uploads\/2016\/12\/Grundriss-I68-300x123.jpg 300w\" sizes=\"(max-width: 620px) 100vw, 620px\" \/><\/p>\n<p><img loading=\"lazy\" decoding=\"async\" class=\"aligncenter size-large wp-image-429\" src=\"http:\/\/www.pl-wohnmobilvermietung.de\/wp-content\/uploads\/2016\/12\/20240515_131918-768x1024.jpg\" alt=\"\" width=\"690\" height=\"920\" srcset=\"https:\/\/www.pl-wohnmobilvermietung.de\/wp-content\/uploads\/2016\/12\/20240515_131918-768x1024.jpg 768w, https:\/\/www.pl-wohnmobilvermietung.de\/wp-content\/uploads\/2016\/12\/20240515_131918-400x533.jpg 400w, https:\/\/www.pl-wohnmobilvermietung.de\/wp-content\/uploads\/2016\/12\/20240515_131918-1152x1536.jpg 1152w, https:\/\/www.pl-wohnmobilvermietung.de\/wp-content\/uploads\/2016\/12\/20240515_131918-1536x2048.jpg 1536w, https:\/\/www.pl-wohnmobilvermietung.de\/wp-content\/uploads\/2016\/12\/20240515_131918-113x150.jpg 113w, https:\/\/www.pl-wohnmobilvermietung.de\/wp-content\/uploads\/2016\/12\/20240515_131918-scaled.jpg 1920w\" sizes=\"(max-width: 690px) 100vw, 690px\" \/> <img loading=\"lazy\" decoding=\"async\" class=\"aligncenter size-large wp-image-428\" src=\"http:\/\/www.pl-wohnmobilvermietung.de\/wp-content\/uploads\/2016\/12\/20240515_131931-1024x997.jpg\" alt=\"\" width=\"690\" height=\"672\" srcset=\"https:\/\/www.pl-wohnmobilvermietung.de\/wp-content\/uploads\/2016\/12\/20240515_131931-1024x997.jpg 1024w, https:\/\/www.pl-wohnmobilvermietung.de\/wp-content\/uploads\/2016\/12\/20240515_131931-400x389.jpg 400w, https:\/\/www.pl-wohnmobilvermietung.de\/wp-content\/uploads\/2016\/12\/20240515_131931-768x748.jpg 768w, https:\/\/www.pl-wohnmobilvermietung.de\/wp-content\/uploads\/2016\/12\/20240515_131931-1536x1495.jpg 1536w, https:\/\/www.pl-wohnmobilvermietung.de\/wp-content\/uploads\/2016\/12\/20240515_131931-2048x1993.jpg 2048w, https:\/\/www.pl-wohnmobilvermietung.de\/wp-content\/uploads\/2016\/12\/20240515_131931-154x150.jpg 154w\" sizes=\"(max-width: 690px) 100vw, 690px\" \/> <img loading=\"lazy\" decoding=\"async\" class=\"aligncenter size-large wp-image-427\" src=\"http:\/\/www.pl-wohnmobilvermietung.de\/wp-content\/uploads\/2016\/12\/20240515_132002-1024x855.jpg\" alt=\"\" width=\"690\" height=\"576\" srcset=\"https:\/\/www.pl-wohnmobilvermietung.de\/wp-content\/uploads\/2016\/12\/20240515_132002-1024x855.jpg 1024w, https:\/\/www.pl-wohnmobilvermietung.de\/wp-content\/uploads\/2016\/12\/20240515_132002-400x334.jpg 400w, https:\/\/www.pl-wohnmobilvermietung.de\/wp-content\/uploads\/2016\/12\/20240515_132002-768x641.jpg 768w, https:\/\/www.pl-wohnmobilvermietung.de\/wp-content\/uploads\/2016\/12\/20240515_132002-1536x1282.jpg 1536w, https:\/\/www.pl-wohnmobilvermietung.de\/wp-content\/uploads\/2016\/12\/20240515_132002-2048x1709.jpg 2048w, https:\/\/www.pl-wohnmobilvermietung.de\/wp-content\/uploads\/2016\/12\/20240515_132002-180x150.jpg 180w\" sizes=\"(max-width: 690px) 100vw, 690px\" \/> <img loading=\"lazy\" decoding=\"async\" class=\"aligncenter size-large wp-image-426\" src=\"http:\/\/www.pl-wohnmobilvermietung.de\/wp-content\/uploads\/2016\/12\/20240515_132018-768x1024.jpg\" alt=\"\" width=\"690\" height=\"920\" srcset=\"https:\/\/www.pl-wohnmobilvermietung.de\/wp-content\/uploads\/2016\/12\/20240515_132018-768x1024.jpg 768w, https:\/\/www.pl-wohnmobilvermietung.de\/wp-content\/uploads\/2016\/12\/20240515_132018-400x533.jpg 400w, https:\/\/www.pl-wohnmobilvermietung.de\/wp-content\/uploads\/2016\/12\/20240515_132018-1152x1536.jpg 1152w, https:\/\/www.pl-wohnmobilvermietung.de\/wp-content\/uploads\/2016\/12\/20240515_132018-1536x2048.jpg 1536w, https:\/\/www.pl-wohnmobilvermietung.de\/wp-content\/uploads\/2016\/12\/20240515_132018-113x150.jpg 113w, https:\/\/www.pl-wohnmobilvermietung.de\/wp-content\/uploads\/2016\/12\/20240515_132018-scaled.jpg 1920w\" sizes=\"(max-width: 690px) 100vw, 690px\" \/> <img loading=\"lazy\" decoding=\"async\" class=\"aligncenter size-large wp-image-425\" src=\"http:\/\/www.pl-wohnmobilvermietung.de\/wp-content\/uploads\/2016\/12\/20240515_132107-768x1024.jpg\" alt=\"\" width=\"690\" height=\"920\" srcset=\"https:\/\/www.pl-wohnmobilvermietung.de\/wp-content\/uploads\/2016\/12\/20240515_132107-768x1024.jpg 768w, https:\/\/www.pl-wohnmobilvermietung.de\/wp-content\/uploads\/2016\/12\/20240515_132107-400x533.jpg 400w, https:\/\/www.pl-wohnmobilvermietung.de\/wp-content\/uploads\/2016\/12\/20240515_132107-1152x1536.jpg 1152w, https:\/\/www.pl-wohnmobilvermietung.de\/wp-content\/uploads\/2016\/12\/20240515_132107-1536x2048.jpg 1536w, https:\/\/www.pl-wohnmobilvermietung.de\/wp-content\/uploads\/2016\/12\/20240515_132107-113x150.jpg 113w, https:\/\/www.pl-wohnmobilvermietung.de\/wp-content\/uploads\/2016\/12\/20240515_132107-scaled.jpg 1920w\" sizes=\"(max-width: 690px) 100vw, 690px\" \/> <img loading=\"lazy\" decoding=\"async\" class=\"aligncenter size-large wp-image-424\" src=\"http:\/\/www.pl-wohnmobilvermietung.de\/wp-content\/uploads\/2016\/12\/20240515_132115-768x1024.jpg\" alt=\"\" width=\"690\" height=\"920\" srcset=\"https:\/\/www.pl-wohnmobilvermietung.de\/wp-content\/uploads\/2016\/12\/20240515_132115-768x1024.jpg 768w, https:\/\/www.pl-wohnmobilvermietung.de\/wp-content\/uploads\/2016\/12\/20240515_132115-400x533.jpg 400w, https:\/\/www.pl-wohnmobilvermietung.de\/wp-content\/uploads\/2016\/12\/20240515_132115-1152x1536.jpg 1152w, https:\/\/www.pl-wohnmobilvermietung.de\/wp-content\/uploads\/2016\/12\/20240515_132115-1536x2048.jpg 1536w, https:\/\/www.pl-wohnmobilvermietung.de\/wp-content\/uploads\/2016\/12\/20240515_132115-113x150.jpg 113w, https:\/\/www.pl-wohnmobilvermietung.de\/wp-content\/uploads\/2016\/12\/20240515_132115-scaled.jpg 1920w\" sizes=\"(max-width: 690px) 100vw, 690px\" \/> <img loading=\"lazy\" decoding=\"async\" class=\"aligncenter size-large wp-image-423\" src=\"http:\/\/www.pl-wohnmobilvermietung.de\/wp-content\/uploads\/2016\/12\/20240515_132127-768x1024.jpg\" alt=\"\" width=\"690\" height=\"920\" srcset=\"https:\/\/www.pl-wohnmobilvermietung.de\/wp-content\/uploads\/2016\/12\/20240515_132127-768x1024.jpg 768w, https:\/\/www.pl-wohnmobilvermietung.de\/wp-content\/uploads\/2016\/12\/20240515_132127-400x533.jpg 400w, https:\/\/www.pl-wohnmobilvermietung.de\/wp-content\/uploads\/2016\/12\/20240515_132127-1152x1536.jpg 1152w, https:\/\/www.pl-wohnmobilvermietung.de\/wp-content\/uploads\/2016\/12\/20240515_132127-1536x2048.jpg 1536w, https:\/\/www.pl-wohnmobilvermietung.de\/wp-content\/uploads\/2016\/12\/20240515_132127-113x150.jpg 113w, https:\/\/www.pl-wohnmobilvermietung.de\/wp-content\/uploads\/2016\/12\/20240515_132127-scaled.jpg 1920w\" sizes=\"(max-width: 690px) 100vw, 690px\" \/> <img loading=\"lazy\" decoding=\"async\" class=\"aligncenter size-large wp-image-422\" src=\"http:\/\/www.pl-wohnmobilvermietung.de\/wp-content\/uploads\/2016\/12\/20240515_132133-768x1024.jpg\" alt=\"\" width=\"690\" height=\"920\" srcset=\"https:\/\/www.pl-wohnmobilvermietung.de\/wp-content\/uploads\/2016\/12\/20240515_132133-768x1024.jpg 768w, https:\/\/www.pl-wohnmobilvermietung.de\/wp-content\/uploads\/2016\/12\/20240515_132133-400x533.jpg 400w, https:\/\/www.pl-wohnmobilvermietung.de\/wp-content\/uploads\/2016\/12\/20240515_132133-1152x1536.jpg 1152w, https:\/\/www.pl-wohnmobilvermietung.de\/wp-content\/uploads\/2016\/12\/20240515_132133-1536x2048.jpg 1536w, https:\/\/www.pl-wohnmobilvermietung.de\/wp-content\/uploads\/2016\/12\/20240515_132133-113x150.jpg 113w, https:\/\/www.pl-wohnmobilvermietung.de\/wp-content\/uploads\/2016\/12\/20240515_132133-scaled.jpg 1920w\" sizes=\"(max-width: 690px) 100vw, 690px\" \/> <img loading=\"lazy\" decoding=\"async\" class=\"aligncenter size-large wp-image-421\" src=\"http:\/\/www.pl-wohnmobilvermietung.de\/wp-content\/uploads\/2016\/12\/20240515_132140-1024x855.jpg\" alt=\"\" width=\"690\" height=\"576\" srcset=\"https:\/\/www.pl-wohnmobilvermietung.de\/wp-content\/uploads\/2016\/12\/20240515_132140-1024x855.jpg 1024w, https:\/\/www.pl-wohnmobilvermietung.de\/wp-content\/uploads\/2016\/12\/20240515_132140-400x334.jpg 400w, https:\/\/www.pl-wohnmobilvermietung.de\/wp-content\/uploads\/2016\/12\/20240515_132140-768x642.jpg 768w, https:\/\/www.pl-wohnmobilvermietung.de\/wp-content\/uploads\/2016\/12\/20240515_132140-1536x1283.jpg 1536w, https:\/\/www.pl-wohnmobilvermietung.de\/wp-content\/uploads\/2016\/12\/20240515_132140-2048x1711.jpg 2048w, https:\/\/www.pl-wohnmobilvermietung.de\/wp-content\/uploads\/2016\/12\/20240515_132140-180x150.jpg 180w\" sizes=\"(max-width: 690px) 100vw, 690px\" \/> <img loading=\"lazy\" decoding=\"async\" class=\"aligncenter size-large wp-image-420\" src=\"http:\/\/www.pl-wohnmobilvermietung.de\/wp-content\/uploads\/2016\/12\/20240515_132147-1024x768.jpg\" alt=\"\" width=\"690\" height=\"518\" srcset=\"https:\/\/www.pl-wohnmobilvermietung.de\/wp-content\/uploads\/2016\/12\/20240515_132147-1024x768.jpg 1024w, https:\/\/www.pl-wohnmobilvermietung.de\/wp-content\/uploads\/2016\/12\/20240515_132147-400x300.jpg 400w, https:\/\/www.pl-wohnmobilvermietung.de\/wp-content\/uploads\/2016\/12\/20240515_132147-768x576.jpg 768w, https:\/\/www.pl-wohnmobilvermietung.de\/wp-content\/uploads\/2016\/12\/20240515_132147-1536x1152.jpg 1536w, https:\/\/www.pl-wohnmobilvermietung.de\/wp-content\/uploads\/2016\/12\/20240515_132147-2048x1536.jpg 2048w, https:\/\/www.pl-wohnmobilvermietung.de\/wp-content\/uploads\/2016\/12\/20240515_132147-200x150.jpg 200w\" sizes=\"(max-width: 690px) 100vw, 690px\" \/> <img loading=\"lazy\" decoding=\"async\" class=\"aligncenter size-large wp-image-419\" src=\"http:\/\/www.pl-wohnmobilvermietung.de\/wp-content\/uploads\/2016\/12\/20240515_132243-1024x956.jpg\" alt=\"\" width=\"690\" height=\"644\" srcset=\"https:\/\/www.pl-wohnmobilvermietung.de\/wp-content\/uploads\/2016\/12\/20240515_132243-1024x956.jpg 1024w, https:\/\/www.pl-wohnmobilvermietung.de\/wp-content\/uploads\/2016\/12\/20240515_132243-400x373.jpg 400w, https:\/\/www.pl-wohnmobilvermietung.de\/wp-content\/uploads\/2016\/12\/20240515_132243-768x717.jpg 768w, https:\/\/www.pl-wohnmobilvermietung.de\/wp-content\/uploads\/2016\/12\/20240515_132243-1536x1434.jpg 1536w, https:\/\/www.pl-wohnmobilvermietung.de\/wp-content\/uploads\/2016\/12\/20240515_132243-2048x1911.jpg 2048w, https:\/\/www.pl-wohnmobilvermietung.de\/wp-content\/uploads\/2016\/12\/20240515_132243-161x150.jpg 161w\" sizes=\"(max-width: 690px) 100vw, 690px\" \/><\/p>\n","protected":false},"excerpt":{"rendered":"<p>Dethleffs Sunlight I68 Integriertes Fahrzeug Fiat Ducato 2,3l Multijet gr\u00fcne Umweltplakette (Euro 6) 140 PS 7,43 m lang 3,5 t, Zuladung ca. 500 kg 4 Sitzpl\u00e4tze 4 Schlafpl\u00e4tze Mietpreise: Nebensaison: <a class=\"more-link\" href=\"https:\/\/www.pl-wohnmobilvermietung.de\/index.php\/2016\/12\/13\/dethleffs-sunlight-i68\/\"><\/a><\/p>\n","protected":false},"author":1,"featured_media":0,"comment_status":"closed","ping_status":"closed","sticky":false,"template":"","format":"standard","meta":{"footnotes":""},"categories":[5,4],"tags":[],"class_list":["post-264","post","type-post","status-publish","format-standard","hentry","category-wohnmobile-kaufen","category-wohnmobile-mieten"],"yoast_head":"<!-- This site is optimized with the Yoast SEO plugin v23.8 - https:\/\/yoast.com\/wordpress\/plugins\/seo\/ -->\n<title>Dethleffs Sunlight I68 - PL Wohnmobile Warstein | Vermietung<\/title>\n<meta name=\"robots\" content=\"index, follow, max-snippet:-1, max-image-preview:large, max-video-preview:-1\" \/>\n<link rel=\"canonical\" href=\"http:\/\/www.pl-wohnmobilvermietung.de\/index.php\/2016\/12\/13\/dethleffs-sunlight-i68\/\" \/>\n<meta property=\"og:locale\" content=\"de_DE\" \/>\n<meta property=\"og:type\" content=\"article\" \/>\n<meta property=\"og:title\" content=\"Dethleffs Sunlight I68 - PL Wohnmobile Warstein | Vermietung\" \/>\n<meta property=\"og:description\" content=\"Dethleffs Sunlight I68 Integriertes Fahrzeug Fiat Ducato 2,3l Multijet gr\u00fcne Umweltplakette (Euro 6) 140 PS 7,43 m lang 3,5 t, Zuladung ca. 500 kg 4 Sitzpl\u00e4tze 4 Schlafpl\u00e4tze Mietpreise: Nebensaison:\" \/>\n<meta property=\"og:url\" content=\"http:\/\/www.pl-wohnmobilvermietung.de\/index.php\/2016\/12\/13\/dethleffs-sunlight-i68\/\" \/>\n<meta property=\"og:site_name\" content=\"PL Wohnmobile Warstein | Vermietung\" \/>\n<meta property=\"article:published_time\" content=\"2016-12-13T17:30:24+00:00\" \/>\n<meta property=\"article:modified_time\" content=\"2024-10-31T14:03:58+00:00\" \/>\n<meta property=\"og:image\" content=\"http:\/\/www.pl-wohnmobilvermietung.de\/wp-content\/uploads\/2016\/12\/Grundriss-I68-400x164.jpg\" \/>\n<meta name=\"author\" content=\"netzm\" \/>\n<meta name=\"twitter:card\" content=\"summary_large_image\" \/>\n<meta name=\"twitter:label1\" content=\"Verfasst von\" \/>\n\t<meta name=\"twitter:data1\" content=\"netzm\" \/>\n\t<meta name=\"twitter:label2\" content=\"Gesch\u00e4tzte Lesezeit\" \/>\n\t<meta name=\"twitter:data2\" content=\"1\u00a0Minute\" \/>\n<script type=\"application\/ld+json\" class=\"yoast-schema-graph\">{\"@context\":\"https:\/\/schema.org\",\"@graph\":[{\"@type\":\"Article\",\"@id\":\"http:\/\/www.pl-wohnmobilvermietung.de\/index.php\/2016\/12\/13\/dethleffs-sunlight-i68\/#article\",\"isPartOf\":{\"@id\":\"http:\/\/www.pl-wohnmobilvermietung.de\/index.php\/2016\/12\/13\/dethleffs-sunlight-i68\/\"},\"author\":{\"name\":\"netzm\",\"@id\":\"http:\/\/www.pl-wohnmobilvermietung.de\/#\/schema\/person\/2e50dc3e0eff567acb7ef815e703cfd4\"},\"headline\":\"Dethleffs Sunlight I68\",\"datePublished\":\"2016-12-13T17:30:24+00:00\",\"dateModified\":\"2024-10-31T14:03:58+00:00\",\"mainEntityOfPage\":{\"@id\":\"http:\/\/www.pl-wohnmobilvermietung.de\/index.php\/2016\/12\/13\/dethleffs-sunlight-i68\/\"},\"wordCount\":108,\"publisher\":{\"@id\":\"http:\/\/www.pl-wohnmobilvermietung.de\/#organization\"},\"image\":{\"@id\":\"http:\/\/www.pl-wohnmobilvermietung.de\/index.php\/2016\/12\/13\/dethleffs-sunlight-i68\/#primaryimage\"},\"thumbnailUrl\":\"http:\/\/www.pl-wohnmobilvermietung.de\/wp-content\/uploads\/2016\/12\/Grundriss-I68-400x164.jpg\",\"articleSection\":[\"Wohnmobile kaufen\",\"Wohnmobile mieten\"],\"inLanguage\":\"de\"},{\"@type\":\"WebPage\",\"@id\":\"http:\/\/www.pl-wohnmobilvermietung.de\/index.php\/2016\/12\/13\/dethleffs-sunlight-i68\/\",\"url\":\"http:\/\/www.pl-wohnmobilvermietung.de\/index.php\/2016\/12\/13\/dethleffs-sunlight-i68\/\",\"name\":\"Dethleffs Sunlight I68 - PL Wohnmobile Warstein | Vermietung\",\"isPartOf\":{\"@id\":\"http:\/\/www.pl-wohnmobilvermietung.de\/#website\"},\"primaryImageOfPage\":{\"@id\":\"http:\/\/www.pl-wohnmobilvermietung.de\/index.php\/2016\/12\/13\/dethleffs-sunlight-i68\/#primaryimage\"},\"image\":{\"@id\":\"http:\/\/www.pl-wohnmobilvermietung.de\/index.php\/2016\/12\/13\/dethleffs-sunlight-i68\/#primaryimage\"},\"thumbnailUrl\":\"http:\/\/www.pl-wohnmobilvermietung.de\/wp-content\/uploads\/2016\/12\/Grundriss-I68-400x164.jpg\",\"datePublished\":\"2016-12-13T17:30:24+00:00\",\"dateModified\":\"2024-10-31T14:03:58+00:00\",\"breadcrumb\":{\"@id\":\"http:\/\/www.pl-wohnmobilvermietung.de\/index.php\/2016\/12\/13\/dethleffs-sunlight-i68\/#breadcrumb\"},\"inLanguage\":\"de\",\"potentialAction\":[{\"@type\":\"ReadAction\",\"target\":[\"http:\/\/www.pl-wohnmobilvermietung.de\/index.php\/2016\/12\/13\/dethleffs-sunlight-i68\/\"]}]},{\"@type\":\"ImageObject\",\"inLanguage\":\"de\",\"@id\":\"http:\/\/www.pl-wohnmobilvermietung.de\/index.php\/2016\/12\/13\/dethleffs-sunlight-i68\/#primaryimage\",\"url\":\"https:\/\/www.pl-wohnmobilvermietung.de\/wp-content\/uploads\/2016\/12\/Grundriss-I68.jpg\",\"contentUrl\":\"https:\/\/www.pl-wohnmobilvermietung.de\/wp-content\/uploads\/2016\/12\/Grundriss-I68.jpg\",\"width\":620,\"height\":254},{\"@type\":\"BreadcrumbList\",\"@id\":\"http:\/\/www.pl-wohnmobilvermietung.de\/index.php\/2016\/12\/13\/dethleffs-sunlight-i68\/#breadcrumb\",\"itemListElement\":[{\"@type\":\"ListItem\",\"position\":1,\"name\":\"Startseite\",\"item\":\"http:\/\/www.pl-wohnmobilvermietung.de\/\"},{\"@type\":\"ListItem\",\"position\":2,\"name\":\"Dethleffs Sunlight I68\"}]},{\"@type\":\"WebSite\",\"@id\":\"http:\/\/www.pl-wohnmobilvermietung.de\/#website\",\"url\":\"http:\/\/www.pl-wohnmobilvermietung.de\/\",\"name\":\"PL Wohnmobile Warstein | Vermietung\",\"description\":\"Vermietung von Wohnmobilen\",\"publisher\":{\"@id\":\"http:\/\/www.pl-wohnmobilvermietung.de\/#organization\"},\"potentialAction\":[{\"@type\":\"SearchAction\",\"target\":{\"@type\":\"EntryPoint\",\"urlTemplate\":\"http:\/\/www.pl-wohnmobilvermietung.de\/?s={search_term_string}\"},\"query-input\":{\"@type\":\"PropertyValueSpecification\",\"valueRequired\":true,\"valueName\":\"search_term_string\"}}],\"inLanguage\":\"de\"},{\"@type\":\"Organization\",\"@id\":\"http:\/\/www.pl-wohnmobilvermietung.de\/#organization\",\"name\":\"PL Wohnmobile Warstein | Vermietung\",\"url\":\"http:\/\/www.pl-wohnmobilvermietung.de\/\",\"logo\":{\"@type\":\"ImageObject\",\"inLanguage\":\"de\",\"@id\":\"http:\/\/www.pl-wohnmobilvermietung.de\/#\/schema\/logo\/image\/\",\"url\":\"https:\/\/www.pl-wohnmobilvermietung.de\/wp-content\/uploads\/2016\/11\/cropped-pl-wohnmobile-logo.jpg\",\"contentUrl\":\"https:\/\/www.pl-wohnmobilvermietung.de\/wp-content\/uploads\/2016\/11\/cropped-pl-wohnmobile-logo.jpg\",\"width\":318,\"height\":184,\"caption\":\"PL Wohnmobile Warstein | Vermietung\"},\"image\":{\"@id\":\"http:\/\/www.pl-wohnmobilvermietung.de\/#\/schema\/logo\/image\/\"}},{\"@type\":\"Person\",\"@id\":\"http:\/\/www.pl-wohnmobilvermietung.de\/#\/schema\/person\/2e50dc3e0eff567acb7ef815e703cfd4\",\"name\":\"netzm\",\"image\":{\"@type\":\"ImageObject\",\"inLanguage\":\"de\",\"@id\":\"http:\/\/www.pl-wohnmobilvermietung.de\/#\/schema\/person\/image\/\",\"url\":\"https:\/\/secure.gravatar.com\/avatar\/f1967d549a6e1eb2cb2f130c0a449213?s=96&d=mm&r=g\",\"contentUrl\":\"https:\/\/secure.gravatar.com\/avatar\/f1967d549a6e1eb2cb2f130c0a449213?s=96&d=mm&r=g\",\"caption\":\"netzm\"},\"url\":\"https:\/\/www.pl-wohnmobilvermietung.de\/index.php\/author\/netzmeisterei\/\"}]}<\/script>\n<!-- \/ Yoast SEO plugin. -->","yoast_head_json":{"title":"Dethleffs Sunlight I68 - PL Wohnmobile Warstein | Vermietung","robots":{"index":"index","follow":"follow","max-snippet":"max-snippet:-1","max-image-preview":"max-image-preview:large","max-video-preview":"max-video-preview:-1"},"canonical":"http:\/\/www.pl-wohnmobilvermietung.de\/index.php\/2016\/12\/13\/dethleffs-sunlight-i68\/","og_locale":"de_DE","og_type":"article","og_title":"Dethleffs Sunlight I68 - PL Wohnmobile Warstein | Vermietung","og_description":"Dethleffs Sunlight I68 Integriertes Fahrzeug Fiat Ducato 2,3l Multijet gr\u00fcne Umweltplakette (Euro 6) 140 PS 7,43 m lang 3,5 t, Zuladung ca. 500 kg 4 Sitzpl\u00e4tze 4 Schlafpl\u00e4tze Mietpreise: Nebensaison:","og_url":"http:\/\/www.pl-wohnmobilvermietung.de\/index.php\/2016\/12\/13\/dethleffs-sunlight-i68\/","og_site_name":"PL Wohnmobile Warstein | Vermietung","article_published_time":"2016-12-13T17:30:24+00:00","article_modified_time":"2024-10-31T14:03:58+00:00","og_image":[{"url":"http:\/\/www.pl-wohnmobilvermietung.de\/wp-content\/uploads\/2016\/12\/Grundriss-I68-400x164.jpg"}],"author":"netzm","twitter_card":"summary_large_image","twitter_misc":{"Verfasst von":"netzm","Gesch\u00e4tzte Lesezeit":"1\u00a0Minute"},"schema":{"@context":"https:\/\/schema.org","@graph":[{"@type":"Article","@id":"http:\/\/www.pl-wohnmobilvermietung.de\/index.php\/2016\/12\/13\/dethleffs-sunlight-i68\/#article","isPartOf":{"@id":"http:\/\/www.pl-wohnmobilvermietung.de\/index.php\/2016\/12\/13\/dethleffs-sunlight-i68\/"},"author":{"name":"netzm","@id":"http:\/\/www.pl-wohnmobilvermietung.de\/#\/schema\/person\/2e50dc3e0eff567acb7ef815e703cfd4"},"headline":"Dethleffs Sunlight I68","datePublished":"2016-12-13T17:30:24+00:00","dateModified":"2024-10-31T14:03:58+00:00","mainEntityOfPage":{"@id":"http:\/\/www.pl-wohnmobilvermietung.de\/index.php\/2016\/12\/13\/dethleffs-sunlight-i68\/"},"wordCount":108,"publisher":{"@id":"http:\/\/www.pl-wohnmobilvermietung.de\/#organization"},"image":{"@id":"http:\/\/www.pl-wohnmobilvermietung.de\/index.php\/2016\/12\/13\/dethleffs-sunlight-i68\/#primaryimage"},"thumbnailUrl":"http:\/\/www.pl-wohnmobilvermietung.de\/wp-content\/uploads\/2016\/12\/Grundriss-I68-400x164.jpg","articleSection":["Wohnmobile kaufen","Wohnmobile mieten"],"inLanguage":"de"},{"@type":"WebPage","@id":"http:\/\/www.pl-wohnmobilvermietung.de\/index.php\/2016\/12\/13\/dethleffs-sunlight-i68\/","url":"http:\/\/www.pl-wohnmobilvermietung.de\/index.php\/2016\/12\/13\/dethleffs-sunlight-i68\/","name":"Dethleffs Sunlight I68 - PL Wohnmobile Warstein | Vermietung","isPartOf":{"@id":"http:\/\/www.pl-wohnmobilvermietung.de\/#website"},"primaryImageOfPage":{"@id":"http:\/\/www.pl-wohnmobilvermietung.de\/index.php\/2016\/12\/13\/dethleffs-sunlight-i68\/#primaryimage"},"image":{"@id":"http:\/\/www.pl-wohnmobilvermietung.de\/index.php\/2016\/12\/13\/dethleffs-sunlight-i68\/#primaryimage"},"thumbnailUrl":"http:\/\/www.pl-wohnmobilvermietung.de\/wp-content\/uploads\/2016\/12\/Grundriss-I68-400x164.jpg","datePublished":"2016-12-13T17:30:24+00:00","dateModified":"2024-10-31T14:03:58+00:00","breadcrumb":{"@id":"http:\/\/www.pl-wohnmobilvermietung.de\/index.php\/2016\/12\/13\/dethleffs-sunlight-i68\/#breadcrumb"},"inLanguage":"de","potentialAction":[{"@type":"ReadAction","target":["http:\/\/www.pl-wohnmobilvermietung.de\/index.php\/2016\/12\/13\/dethleffs-sunlight-i68\/"]}]},{"@type":"ImageObject","inLanguage":"de","@id":"http:\/\/www.pl-wohnmobilvermietung.de\/index.php\/2016\/12\/13\/dethleffs-sunlight-i68\/#primaryimage","url":"https:\/\/www.pl-wohnmobilvermietung.de\/wp-content\/uploads\/2016\/12\/Grundriss-I68.jpg","contentUrl":"https:\/\/www.pl-wohnmobilvermietung.de\/wp-content\/uploads\/2016\/12\/Grundriss-I68.jpg","width":620,"height":254},{"@type":"BreadcrumbList","@id":"http:\/\/www.pl-wohnmobilvermietung.de\/index.php\/2016\/12\/13\/dethleffs-sunlight-i68\/#breadcrumb","itemListElement":[{"@type":"ListItem","position":1,"name":"Startseite","item":"http:\/\/www.pl-wohnmobilvermietung.de\/"},{"@type":"ListItem","position":2,"name":"Dethleffs Sunlight I68"}]},{"@type":"WebSite","@id":"http:\/\/www.pl-wohnmobilvermietung.de\/#website","url":"http:\/\/www.pl-wohnmobilvermietung.de\/","name":"PL Wohnmobile Warstein | Vermietung","description":"Vermietung von Wohnmobilen","publisher":{"@id":"http:\/\/www.pl-wohnmobilvermietung.de\/#organization"},"potentialAction":[{"@type":"SearchAction","target":{"@type":"EntryPoint","urlTemplate":"http:\/\/www.pl-wohnmobilvermietung.de\/?s={search_term_string}"},"query-input":{"@type":"PropertyValueSpecification","valueRequired":true,"valueName":"search_term_string"}}],"inLanguage":"de"},{"@type":"Organization","@id":"http:\/\/www.pl-wohnmobilvermietung.de\/#organization","name":"PL Wohnmobile Warstein | Vermietung","url":"http:\/\/www.pl-wohnmobilvermietung.de\/","logo":{"@type":"ImageObject","inLanguage":"de","@id":"http:\/\/www.pl-wohnmobilvermietung.de\/#\/schema\/logo\/image\/","url":"https:\/\/www.pl-wohnmobilvermietung.de\/wp-content\/uploads\/2016\/11\/cropped-pl-wohnmobile-logo.jpg","contentUrl":"https:\/\/www.pl-wohnmobilvermietung.de\/wp-content\/uploads\/2016\/11\/cropped-pl-wohnmobile-logo.jpg","width":318,"height":184,"caption":"PL Wohnmobile Warstein | Vermietung"},"image":{"@id":"http:\/\/www.pl-wohnmobilvermietung.de\/#\/schema\/logo\/image\/"}},{"@type":"Person","@id":"http:\/\/www.pl-wohnmobilvermietung.de\/#\/schema\/person\/2e50dc3e0eff567acb7ef815e703cfd4","name":"netzm","image":{"@type":"ImageObject","inLanguage":"de","@id":"http:\/\/www.pl-wohnmobilvermietung.de\/#\/schema\/person\/image\/","url":"https:\/\/secure.gravatar.com\/avatar\/f1967d549a6e1eb2cb2f130c0a449213?s=96&d=mm&r=g","contentUrl":"https:\/\/secure.gravatar.com\/avatar\/f1967d549a6e1eb2cb2f130c0a449213?s=96&d=mm&r=g","caption":"netzm"},"url":"https:\/\/www.pl-wohnmobilvermietung.de\/index.php\/author\/netzmeisterei\/"}]}},"_links":{"self":[{"href":"https:\/\/www.pl-wohnmobilvermietung.de\/index.php\/wp-json\/wp\/v2\/posts\/264"}],"collection":[{"href":"https:\/\/www.pl-wohnmobilvermietung.de\/index.php\/wp-json\/wp\/v2\/posts"}],"about":[{"href":"https:\/\/www.pl-wohnmobilvermietung.de\/index.php\/wp-json\/wp\/v2\/types\/post"}],"author":[{"embeddable":true,"href":"https:\/\/www.pl-wohnmobilvermietung.de\/index.php\/wp-json\/wp\/v2\/users\/1"}],"replies":[{"embeddable":true,"href":"https:\/\/www.pl-wohnmobilvermietung.de\/index.php\/wp-json\/wp\/v2\/comments?post=264"}],"version-history":[{"count":12,"href":"https:\/\/www.pl-wohnmobilvermietung.de\/index.php\/wp-json\/wp\/v2\/posts\/264\/revisions"}],"predecessor-version":[{"id":430,"href":"https:\/\/www.pl-wohnmobilvermietung.de\/index.php\/wp-json\/wp\/v2\/posts\/264\/revisions\/430"}],"wp:attachment":[{"href":"https:\/\/www.pl-wohnmobilvermietung.de\/index.php\/wp-json\/wp\/v2\/media?parent=264"}],"wp:term":[{"taxonomy":"category","embeddable":true,"href":"https:\/\/www.pl-wohnmobilvermietung.de\/index.php\/wp-json\/wp\/v2\/categories?post=264"},{"taxonomy":"post_tag","embeddable":true,"href":"https:\/\/www.pl-wohnmobilvermietung.de\/index.php\/wp-json\/wp\/v2\/tags?post=264"}],"curies":[{"name":"wp","href":"https:\/\/api.w.org\/{rel}","templated":true}]}}